{"id":1049,"date":"2014-09-15T12:41:35","date_gmt":"2014-09-15T12:41:35","guid":{"rendered":"http:\/\/skolehaver.com\/?p=1049"},"modified":"2017-03-07T08:48:05","modified_gmt":"2017-03-07T08:48:05","slug":"eat-your-city-besoeger-koebenhavns-skolehaver","status":"publish","type":"post","link":"http:\/\/skolehaver.com\/?p=1049","title":{"rendered":"Eat Your City bes\u00f8ger skolehaver i K\u00f8benhavn og p\u00e5 Frederiksberg"},"content":{"rendered":"<p><a href=\"http:\/\/www.eatyourcity.dk\/program-2\/\" target=\"_blank\">Se programmet her<\/a><\/p>\n<p><iframe loading=\"lazy\" width=\"840\" height=\"473\" src=\"https:\/\/www.youtube.com\/embed\/gwhGR6DymBM?feature=oembed\" frameborder=\"0\" allowfullscreen><\/iframe><\/p>\n<p><em>Af Ulla Skovsb\u00f8l<\/em><\/p>\n<p>I K\u00f8benhavn spirer byhaver, altanhaver, gadehaver, taghaver og endda havnehaver frem, og bybierne sv\u00e6rmer omkring os. Guler\u00f8dder, tomater og radiser klemmes ind i selv de mindste afkroge af byen, og i \u00e5r er Nordens st\u00f8rste tagfarm i fjerde sals spiret frem.<\/p>\n<p>Det skaber helt nye f\u00e6llesskaber p\u00e5 tv\u00e6rs af byens rum. En arrang\u00f8rgruppe best\u00e5ende af blandt andet Copehagen Sharing og Milj\u00f8punkt Amager vil gerne bakke op om de mange initiativer og inviterer derfor til konference om den spiselige by.<\/p>\n<p>Konferencen\u00a0<em>Eat your City<\/em>\u00a0vil fra torsdag den 18. til l\u00f8rdag den 20. september samle alle ildsj\u00e6le med interesse for den spiselige by. Det sker p\u00e5 Enghavevej 80-82 i K\u00f8benhavn.<\/p>\n<p>Opl\u00e6gsholdere fra b\u00e5de den private og offentlige sektor, entusiaster, amat\u00f8rer og professionelle vil give deres bud p\u00e5 hvordan byen kan dyrkes, h\u00f8stes og spises. Ulla Skovsb\u00f8l holder workshop om skolehavens muligheder som l\u00e6ringsrum. Det er fredag kl. 10.45 til 12. Torsdag er der ekskursioner til bl.a. K\u00f8benhavns Skolehaver og Lindevangsskolens skolehave p\u00e5 Frederiksberg.<\/p>\n<p>P\u00e5 konferencen kan du fordybe dig i et af tre temaer:<\/p>\n<p>\u2022 Byhaver og Bylandbrug<br \/>\n\u2022 Skolehaver<br \/>\n\u2022 Byhaver som social sammenh\u00e6ngskraft<\/p>\n<p>&nbsp;<\/p>\n<p>&nbsp;<\/p>\n","protected":false},"excerpt":{"rendered":"<p>Deltagerne i byhave-konferencen Eat Your City, som finder stede i K\u00f8benhavn fra den 18. til den 20. september, f\u00e5r mulighed for at bes\u00f8ge K\u00f8benhavns Skolehaver og skolehaven p\u00e5 Lindevangsskolen p\u00e5\u00a8Frederiksberg.<\/p>\n","protected":false},"author":1,"featured_media":0,"comment_status":"closed","ping_status":"closed","sticky":false,"template":"","format":"standard","meta":{"footnotes":""},"categories":[6],"tags":[211,208,231,107,39,230],"class_list":["post-1049","post","type-post","status-publish","format-standard","hentry","category-kobenhavns-skolehaver","tag-byhaver","tag-eat-your-city","tag-konferencer","tag-kobenhavn","tag-kobenhavns-skolehaver-2","tag-lindevangsskolens-skolehaver"],"_links":{"self":[{"href":"http:\/\/skolehaver.com\/index.php?rest_route=\/wp\/v2\/posts\/1049","targetHints":{"allow":["GET"]}}],"collection":[{"href":"http:\/\/skolehaver.com\/index.php?rest_route=\/wp\/v2\/posts"}],"about":[{"href":"http:\/\/skolehaver.com\/index.php?rest_route=\/wp\/v2\/types\/post"}],"author":[{"embeddable":true,"href":"http:\/\/skolehaver.com\/index.php?rest_route=\/wp\/v2\/users\/1"}],"replies":[{"embeddable":true,"href":"http:\/\/skolehaver.com\/index.php?rest_route=%2Fwp%2Fv2%2Fcomments&post=1049"}],"version-history":[{"count":6,"href":"http:\/\/skolehaver.com\/index.php?rest_route=\/wp\/v2\/posts\/1049\/revisions"}],"predecessor-version":[{"id":2306,"href":"http:\/\/skolehaver.com\/index.php?rest_route=\/wp\/v2\/posts\/1049\/revisions\/2306"}],"wp:attachment":[{"href":"http:\/\/skolehaver.com\/index.php?rest_route=%2Fwp%2Fv2%2Fmedia&parent=1049"}],"wp:term":[{"taxonomy":"category","embeddable":true,"href":"http:\/\/skolehaver.com\/index.php?rest_route=%2Fwp%2Fv2%2Fcategories&post=1049"},{"taxonomy":"post_tag","embeddable":true,"href":"http:\/\/skolehaver.com\/index.php?rest_route=%2Fwp%2Fv2%2Ftags&post=1049"}],"curies":[{"name":"wp","href":"https:\/\/api.w.org\/{rel}","templated":true}]}}