{"id":1091,"date":"2015-04-01T08:12:37","date_gmt":"2015-04-01T08:12:37","guid":{"rendered":"http:\/\/skolehaver.com\/?p=1091"},"modified":"2017-02-10T13:23:27","modified_gmt":"2017-02-10T13:23:27","slug":"to-ministerier-inviterer-til-skolehave-dag","status":"publish","type":"post","link":"http:\/\/skolehaver.com\/?p=1091","title":{"rendered":"To ministerier inviterer til skolehave-dag"},"content":{"rendered":"<figure id=\"attachment_995\" aria-describedby=\"caption-attachment-995\" style=\"width: 840px\" class=\"wp-caption aligncenter\"><a href=\"http:\/\/skolehaver.com\/wp-content\/uploads\/2014\/08\/Header-.jpg\"><img loading=\"lazy\" decoding=\"async\" class=\"wp-image-995 size-large\" src=\"http:\/\/skolehaver.com\/wp-content\/uploads\/2014\/08\/Header--1024x685.jpg\" alt=\"Haver til Maver, Natursamarbejdet, Brabrand. Foto: Ulla Skovb\u00f8l\" width=\"840\" height=\"562\" srcset=\"http:\/\/skolehaver.com\/wp-content\/uploads\/2014\/08\/Header--1024x685.jpg 1024w, http:\/\/skolehaver.com\/wp-content\/uploads\/2014\/08\/Header--300x200.jpg 300w, http:\/\/skolehaver.com\/wp-content\/uploads\/2014\/08\/Header--448x300.jpg 448w\" sizes=\"auto, (max-width: 709px) 85vw, (max-width: 909px) 67vw, (max-width: 1362px) 62vw, 840px\" \/><\/a><figcaption id=\"caption-attachment-995\" class=\"wp-caption-text\">F\u00f8devareministeriet og Undervisningsministeriet vil udbrede kendskabet til haven som l\u00e6ringsrum med et heldagsseminar i Odense 28.4.15 Foto: Ulla Skovb\u00f8l\u00a0\u00a9<\/figcaption><\/figure>\n<p>Undervisningsministeriet og F\u00f8devareministeriet lancerer nye undervisningsmaterialer, en h\u00e5ndbog samt en rapport, som beskriver\u00a0skolehaven som l\u00e6ringsrum. Det sker ved en temadag om skolehaver i Odense den 28. april<\/p>\n<p>Dagen byder p\u00e5 opl\u00e6g om skolehavens potentiale som l\u00e6ringsrum, inspirationsopl\u00e6g om skolehavers anvendelse i ind- og udland, samt uderummets potentiale og udfordringer.<\/p>\n<p>Om eftermiddagen afholdes der forkellige workshops, hvor der bl.a. vil v\u00e6re mulighed for at f\u00e5 en st\u00f8rre indsigt i de nye undervisningsmaterialer i fagene dansk, matematik, natur\/teknologi og madkundskab. Herudover f\u00e5es inspiration til skolehavens bredde som l\u00f8sningsgalleri til underst\u00f8ttende l\u00e6ringaktiviteter samt erfaringer med etablering af skolehaver.<\/p>\n<p><a href=\"http:\/\/www.tilmeld.dk\/lanceringafskolehaver\/hent-program.html\" target=\"_blank\">Se programmet her\u00a0<\/a><\/p>\n<p><strong>Workshops p\u00e5 dagen:\u00a0<\/strong><strong><br \/>\n<\/strong><\/p>\n<p><strong>Workshop 1 &#8211; Bredden i skolehaven<br \/>\nEllen Habekost, Lektor og Gorm Friborg, K\u00f8benhavns Skolehaver<br \/>\n<\/strong>Bliv klogere p\u00e5 hvordan skolehaven kan anvendes som et mangfoldigt l\u00e6ringsrum til hele skoledagen, og hvordan haven kan underst\u00f8tte SFO&#8217;en og klubbens form\u00e5l og p\u00e6dagogik.<br \/>\n<strong>Workshop 2 &#8211;\u00a0<\/strong><strong>Haver til maver<br \/>\n<\/strong><strong>Karen Stevnbak Andersen og Sally Nordlund Andersen, haveundervisere Krogerup Avlsgaard<br \/>\n<\/strong>Haver til mavers undervisere vil give indsigt i, hvordan de inddrager fagene natur\/teknologi og madkundskab i et\u00a0undervisningsforl\u00f8b udfra deres kerneelementer have, natur og k\u00f8kken.<\/p>\n<p><strong>Workshop 3 &#8211; <\/strong><strong>Brug skolehaven i mange fag<br \/>\n<\/strong><strong>Ulla Sognstrup Larsen, projektleder p\u00e5 Skolehaver og Ann Arleth, l\u00e6rer og UV-materialeudvikler<br \/>\n<\/strong>Med afs\u00e6t i de konkrete nyudviklede undervisningsmaterialer gives der inspiration til, hvordan skolehaven kan blive en del af \u00e5rsplanen i indskolingen og mellemtrinnet.<\/p>\n<p><strong>Workshop 4 &#8211; <\/strong><strong>Kom godt igang og lev l\u00e6nge<br \/>\nAnita Br\u00e6dder, Leder af Natursamarbejdet, Aarhus kommune<\/strong><strong><br \/>\n<\/strong>F\u00e5 hj\u00e6lp og inspiration til at komme i gang med at opstarte en skolehave. H\u00f8r hvordan Aarhus kommune kom fra tanke til handling, deres organisering og finansering, samt hvad der med fordel kunne v\u00e6re gjort anderledes.<\/p>\n<p><strong>Dato og tid<\/strong><br \/>\nDen 28. april 2015, Kl. 9.30-15.30<\/p>\n<p><strong>Sted<\/strong><br \/>\nJulianas Drivhuse<br \/>\nSivlandsv\u00e6nget 29 A<br \/>\n5260 Odense S<\/p>\n<p><b><a href=\"https:\/\/www.tilmeld.dk\/lanceringafskolehaver\/tilmelding.html\" target=\"_blank\">Tilmelding her<\/a><br \/>\n<\/b><\/p>\n<p>&nbsp;<\/p>\n","protected":false},"excerpt":{"rendered":"<p>Undervisningsministeriet og F\u00f8devareministieret invterer sammen med Madkulturen til inspirationsdag om skolehaver den 28.4.15 i Odense<\/p>\n","protected":false},"author":1,"featured_media":0,"comment_status":"closed","ping_status":"closed","sticky":false,"template":"","format":"standard","meta":{"footnotes":""},"categories":[7],"tags":[149,242,86,58,150],"class_list":["post-1091","post","type-post","status-publish","format-standard","hentry","category-skolehaver-generelt","tag-fodevareministeriet","tag-lancering","tag-odense","tag-skolehaver","tag-undervisningsministeriet"],"_links":{"self":[{"href":"http:\/\/skolehaver.com\/index.php?rest_route=\/wp\/v2\/posts\/1091","targetHints":{"allow":["GET"]}}],"collection":[{"href":"http:\/\/skolehaver.com\/index.php?rest_route=\/wp\/v2\/posts"}],"about":[{"href":"http:\/\/skolehaver.com\/index.php?rest_route=\/wp\/v2\/types\/post"}],"author":[{"embeddable":true,"href":"http:\/\/skolehaver.com\/index.php?rest_route=\/wp\/v2\/users\/1"}],"replies":[{"embeddable":true,"href":"http:\/\/skolehaver.com\/index.php?rest_route=%2Fwp%2Fv2%2Fcomments&post=1091"}],"version-history":[{"count":7,"href":"http:\/\/skolehaver.com\/index.php?rest_route=\/wp\/v2\/posts\/1091\/revisions"}],"predecessor-version":[{"id":2243,"href":"http:\/\/skolehaver.com\/index.php?rest_route=\/wp\/v2\/posts\/1091\/revisions\/2243"}],"wp:attachment":[{"href":"http:\/\/skolehaver.com\/index.php?rest_route=%2Fwp%2Fv2%2Fmedia&parent=1091"}],"wp:term":[{"taxonomy":"category","embeddable":true,"href":"http:\/\/skolehaver.com\/index.php?rest_route=%2Fwp%2Fv2%2Fcategories&post=1091"},{"taxonomy":"post_tag","embeddable":true,"href":"http:\/\/skolehaver.com\/index.php?rest_route=%2Fwp%2Fv2%2Ftags&post=1091"}],"curies":[{"name":"wp","href":"https:\/\/api.w.org\/{rel}","templated":true}]}}