{"id":1672,"date":"2016-11-15T22:00:15","date_gmt":"2016-11-15T22:00:15","guid":{"rendered":"http:\/\/skolehaver.com\/?p=1672"},"modified":"2017-02-10T13:17:50","modified_gmt":"2017-02-10T13:17:50","slug":"seminariet-i-jelling-udbyder-kursus-i-skolehave-for-laerere-og-paedagoger","status":"publish","type":"post","link":"http:\/\/skolehaver.com\/?p=1672","title":{"rendered":"Seminariet i Jelling udbyder kursus i skolehave for l\u00e6rere og p\u00e6dagoger"},"content":{"rendered":"<p><a href=\"http:\/\/skolehaver.com\/wp-content\/uploads\/2016\/11\/Infoarkt-om-skolehavekursus.pdf\">Download infoark om kurset<\/a><\/p>\n<figure id=\"attachment_1446\" aria-describedby=\"caption-attachment-1446\" style=\"width: 840px\" class=\"wp-caption aligncenter\"><a href=\"http:\/\/skolehaver.com\/?attachment_id=1446\" rel=\"attachment wp-att-1446\"><img loading=\"lazy\" decoding=\"async\" class=\"wp-image-1446 size-large\" src=\"http:\/\/skolehaver.com\/wp-content\/uploads\/2016\/06\/Ellen-Habekost-1024x640.jpg\" alt=\"Ellen Habekost\" width=\"840\" height=\"525\" srcset=\"http:\/\/skolehaver.com\/wp-content\/uploads\/2016\/06\/Ellen-Habekost-1024x640.jpg 1024w, http:\/\/skolehaver.com\/wp-content\/uploads\/2016\/06\/Ellen-Habekost-300x187.jpg 300w, http:\/\/skolehaver.com\/wp-content\/uploads\/2016\/06\/Ellen-Habekost-768x480.jpg 768w, http:\/\/skolehaver.com\/wp-content\/uploads\/2016\/06\/Ellen-Habekost-480x300.jpg 480w\" sizes=\"auto, (max-width: 709px) 85vw, (max-width: 909px) 67vw, (max-width: 1362px) 62vw, 840px\" \/><\/a><figcaption id=\"caption-attachment-1446\" class=\"wp-caption-text\">Campushaven p\u00e5 seminariet i Jelling skal indg\u00e5 som l\u00e6ringsrum for delagerne p\u00e5 UCL Campus Jellings skolehavekurser for l\u00e6rere og p\u00e6dagoger. Foto: Ulla Skovsb\u00f8l\u00a0\u00a9<\/figcaption><\/figure>\n<p><em>Af Ulla Skovsb\u00f8l<\/em><\/p>\n<p>Seminariet \u00a0UCL Campus Jelling udbyder nu et kursus til l\u00e6rere og p\u00e6dagoger, der skal styrke deres kompetencer i at arbejde med haven som l\u00e6ringsrum.\u00a0Kurset forl\u00f8ber over fem mandage fra februar til juni 2017, hvor kursisterne f\u00f8lger \u00e5rets gang i haven med start lige efter vinterferien og slut inden sommerferien.<\/p>\n<p>P\u00e5 kurset bliver der etableret mindre l\u00e6ringsgrupper, hvor deltagerne kommer til at arbejde med miniprojekter, som de kan bruge i deres egen hverdag i skolen eller institutionen, og l\u00e6ringsgrupperne f\u00e5r l\u00f8bende vejledning.<\/p>\n<p>Kurset koster 2655 kr. plus moms og finder sted i tidsrummet fra\u00a027. februar 2017 \u00a0til 12. juni 2017.<\/p>\n<p><!--more--><\/p>\n<p><strong>Fokus p\u00e5 haven som l\u00e6ringsrum<\/strong><\/p>\n<p>De fem kursusgange skal ruste deltagerne til at forst\u00e5 og bruge haven som et l\u00e6rings- og dannelsesrum, der kan kobles sammen med centrale elementer i skolereformen s\u00e5som den \u00e5bne skole og den underst\u00f8ttende undervisning.<\/p>\n<p>&#8220;Man kan betragte haven som et udend\u00f8rs faglokale, der giver plads til bev\u00e6gelse, m\u00e5lstyret og praksisn\u00e6r undervisning og mulighed for at arbejde med sociale relationer og praktiske kompetencer, og det har alle b\u00f8rn gl\u00e6de af,&#8221; forklarer lektor ved UCL Ellen Habekost, som har v\u00e6ret med til at oprette kurset.<\/p>\n<p>&#8220;L\u00e6ringsformen skaber forbindelse mellem boglig viden, erfaring fra andre l\u00e6ringsarenaer og den giver fysisk bev\u00e6gelse. P\u00e5 den m\u00e5de samler skolehaven en lang r\u00e6kke af de opgaver, som Folkeskolen skal l\u00f8se,&#8221; p\u00e5peger hun.<\/p>\n<p>&#8220;I skolehaven spiller ude- og indeaktiviteter sammen. Det vil sige, at eleverne l\u00e6rer om virkeligheden i virkeligheden, og \u00a0p\u00e5 den m\u00e5de skaber skolehaven rum for inkluderende f\u00e6llesskaber p\u00e5 tv\u00e6rs af alder, kompetencer og evner,&#8221; siger Ellen Ravn Habekost.<\/p>\n<p><a href=\"https:\/\/kurser.ucl.dk\/aktivitet\/skolehaver-mangeartede-laeringsrum-med-saft-og-kr\/\">Tilmelding her<\/a><\/p>\n<p><a href=\"http:\/\/skolehaver.com\/?p=1444\">L\u00e6s mere om Campushaven p\u00e5 UCL i Jelling<\/a><\/p>\n<p><strong>M\u00e5let med kurset\u00a0<\/strong><\/p>\n<ul>\n<li>at fremme anvendelsen af skolehaver i undervisningen<\/li>\n<li>at styrke forst\u00e5elsen af de p\u00e6dagogiske muligheder, der ligger i dette mangeartede udel\u00e6ringsrum<\/li>\n<li>at inspirere og underst\u00f8tte ideer og undervisningsforl\u00f8b ud fra en l\u00e6ringsm\u00e5lstyret tilgang, og hvordan forskellige fag kan udnytte skolehaverummet som autentisk ramme for l\u00e6ring<\/li>\n<li>at \u00a0inspirere og underst\u00f8tte ideer og forl\u00f8b i den underst\u00f8ttende undervisning<\/li>\n<li>at inspirere til etablering af forskellige haverum<\/li>\n<li>at skabe lokalt netv\u00e6rk omkring p\u00e6dagogik og didaktik i skolehaver<\/li>\n<\/ul>\n<p><strong> Praktiske oplysninger:<\/strong><br \/>\n<em>Sted:<\/em> L\u00e6rer og P\u00e6dagoguddannelsen i Jelling, Vejlevej 2, 7300 Jelling<br \/>\n<i>Kursusdage:\u00a0<\/i>Mandage den 27. februar, 27. marts, 24. april, 22.maj og 12. juni 2017 fra kl. 9 \u2013 12.<br \/>\n<em>Pris:<\/em> 2655 kr. plus moms<\/p>\n<p><strong>Yderligere oplysninger:<\/strong><br \/>\n<em>Ellen Ravn Habekost<\/em>, Lektor og projektleder : elrh@ucl.dk, tlf.:2010 9113<br \/>\n<em>Kirsten Kamstrup,<\/em>\u00a0videreuddannelseskonsulent:kika@ucl.dk, tlf 2363 8267<\/p>\n<p>&nbsp;<\/p>\n","protected":false},"excerpt":{"rendered":"<p>Nyt tilbud  om efteruddannelse p\u00e5 UCL Campus Jelling skal ruste l\u00e6rere og p\u00e6dagoger til at bruge haven som et udend\u00f8rs l\u00e6ringsrum for b\u00f8rn i b\u00e5de daginstitutioner og skoler.  <\/p>\n","protected":false},"author":1,"featured_media":0,"comment_status":"closed","ping_status":"closed","sticky":false,"template":"","format":"standard","meta":{"footnotes":""},"categories":[7],"tags":[345,346,347,344,348],"class_list":["post-1672","post","type-post","status-publish","format-standard","hentry","category-skolehaver-generelt","tag-kursus","tag-laerere","tag-paedagoger","tag-skolehavedidaktik","tag-ucl-campus-jelling"],"_links":{"self":[{"href":"http:\/\/skolehaver.com\/index.php?rest_route=\/wp\/v2\/posts\/1672","targetHints":{"allow":["GET"]}}],"collection":[{"href":"http:\/\/skolehaver.com\/index.php?rest_route=\/wp\/v2\/posts"}],"about":[{"href":"http:\/\/skolehaver.com\/index.php?rest_route=\/wp\/v2\/types\/post"}],"author":[{"embeddable":true,"href":"http:\/\/skolehaver.com\/index.php?rest_route=\/wp\/v2\/users\/1"}],"replies":[{"embeddable":true,"href":"http:\/\/skolehaver.com\/index.php?rest_route=%2Fwp%2Fv2%2Fcomments&post=1672"}],"version-history":[{"count":19,"href":"http:\/\/skolehaver.com\/index.php?rest_route=\/wp\/v2\/posts\/1672\/revisions"}],"predecessor-version":[{"id":2239,"href":"http:\/\/skolehaver.com\/index.php?rest_route=\/wp\/v2\/posts\/1672\/revisions\/2239"}],"wp:attachment":[{"href":"http:\/\/skolehaver.com\/index.php?rest_route=%2Fwp%2Fv2%2Fmedia&parent=1672"}],"wp:term":[{"taxonomy":"category","embeddable":true,"href":"http:\/\/skolehaver.com\/index.php?rest_route=%2Fwp%2Fv2%2Fcategories&post=1672"},{"taxonomy":"post_tag","embeddable":true,"href":"http:\/\/skolehaver.com\/index.php?rest_route=%2Fwp%2Fv2%2Ftags&post=1672"}],"curies":[{"name":"wp","href":"https:\/\/api.w.org\/{rel}","templated":true}]}}