{"id":48,"date":"2011-07-24T10:51:25","date_gmt":"2011-07-24T10:51:25","guid":{"rendered":"http:\/\/skolehaver.wordpress.com\/?p=48"},"modified":"2017-02-10T13:29:08","modified_gmt":"2017-02-10T13:29:08","slug":"send-bornene-i-haven","status":"publish","type":"post","link":"http:\/\/skolehaver.com\/?p=48","title":{"rendered":"P1: B\u00f8rn skal da have jord i hovedet"},"content":{"rendered":"<p><a class=\"heading-large\" href=\"http:\/\/www.dr.dk\/radio\/ondemand\/p1\/natursyn-14\" rel=\"dr-netradio-launch\">Natursyn: &#8216;B\u00f8rn skal da have jorden i hovedet<br \/>\n<\/a>(Redigeret genudsendelse fra 2012)<\/p>\n<figure id=\"attachment_2116\" aria-describedby=\"caption-attachment-2116\" style=\"width: 840px\" class=\"wp-caption aligncenter\"><a href=\"http:\/\/skolehaver.com\/?attachment_id=2116\" rel=\"attachment wp-att-2116\"><img loading=\"lazy\" decoding=\"async\" class=\"wp-image-2116 size-large\" src=\"http:\/\/skolehaver.com\/wp-content\/uploads\/2011\/07\/B\u00f8rn-laver-mad-ude-2-1024x641.jpg\" alt=\"Foto: Ulla Skovsb\u00f8l\" width=\"840\" height=\"526\" srcset=\"http:\/\/skolehaver.com\/wp-content\/uploads\/2011\/07\/B\u00f8rn-laver-mad-ude-2-1024x641.jpg 1024w, http:\/\/skolehaver.com\/wp-content\/uploads\/2011\/07\/B\u00f8rn-laver-mad-ude-2-300x188.jpg 300w, http:\/\/skolehaver.com\/wp-content\/uploads\/2011\/07\/B\u00f8rn-laver-mad-ude-2-768x480.jpg 768w, http:\/\/skolehaver.com\/wp-content\/uploads\/2011\/07\/B\u00f8rn-laver-mad-ude-2-1200x751.jpg 1200w\" sizes=\"auto, (max-width: 709px) 85vw, (max-width: 909px) 67vw, (max-width: 1362px) 62vw, 840px\" \/><\/a><figcaption id=\"caption-attachment-2116\" class=\"wp-caption-text\">Madlavning i Udek\u00f8kken, Haver til Maver, Krogerupgaard. Foto: Ulla Skovsb\u00f8l\u00a0\u00a9<\/figcaption><\/figure>\n<p>B\u00f8rn skal da have jord i hovedet siger folkene bag &#8216;Haver til Maver&#8217;, der kombinerer \u00f8kologiske skolehaver med oplevelser for b\u00f8rnene i b\u00e5de udek\u00f8kken og natur. Uddannelsesforsker Karen Wistoft fort\u00e6ller om de p\u00e6dagogiske effekter. V\u00e6rt og tilrettel\u00e6gger: Dorte Dalgaard.<\/p>\n<p>Lyt til:\u00a0<a href=\"http:\/\/www.dr.dk\/p1\/natursyn\/natursyn-14\">B\u00f8rn skal da have jord i hovedet\u00a0<\/a><\/p>\n","protected":false},"excerpt":{"rendered":"<p>P1-programmet Natursyn har v\u00e6ret en tur p\u00e5 Krogerupgaard og talt med uddannelsesforsker Karen Wistoft om Haver til Mavers skolehavekoncept. <\/p>\n","protected":false},"author":2,"featured_media":0,"comment_status":"closed","ping_status":"closed","sticky":false,"template":"","format":"standard","meta":{"footnotes":""},"categories":[7,6],"tags":[11,22,24,39,52],"class_list":["post-48","post","type-post","status-publish","format-standard","hentry","category-skolehaver-generelt","category-kobenhavns-skolehaver","tag-alle-tiders-historie","tag-dr-p1","tag-foreningen-skolehaven","tag-kobenhavns-skolehaver-2","tag-p-w-lindholm"],"_links":{"self":[{"href":"http:\/\/skolehaver.com\/index.php?rest_route=\/wp\/v2\/posts\/48","targetHints":{"allow":["GET"]}}],"collection":[{"href":"http:\/\/skolehaver.com\/index.php?rest_route=\/wp\/v2\/posts"}],"about":[{"href":"http:\/\/skolehaver.com\/index.php?rest_route=\/wp\/v2\/types\/post"}],"author":[{"embeddable":true,"href":"http:\/\/skolehaver.com\/index.php?rest_route=\/wp\/v2\/users\/2"}],"replies":[{"embeddable":true,"href":"http:\/\/skolehaver.com\/index.php?rest_route=%2Fwp%2Fv2%2Fcomments&post=48"}],"version-history":[{"count":17,"href":"http:\/\/skolehaver.com\/index.php?rest_route=\/wp\/v2\/posts\/48\/revisions"}],"predecessor-version":[{"id":2247,"href":"http:\/\/skolehaver.com\/index.php?rest_route=\/wp\/v2\/posts\/48\/revisions\/2247"}],"wp:attachment":[{"href":"http:\/\/skolehaver.com\/index.php?rest_route=%2Fwp%2Fv2%2Fmedia&parent=48"}],"wp:term":[{"taxonomy":"category","embeddable":true,"href":"http:\/\/skolehaver.com\/index.php?rest_route=%2Fwp%2Fv2%2Fcategories&post=48"},{"taxonomy":"post_tag","embeddable":true,"href":"http:\/\/skolehaver.com\/index.php?rest_route=%2Fwp%2Fv2%2Ftags&post=48"}],"curies":[{"name":"wp","href":"https:\/\/api.w.org\/{rel}","templated":true}]}}