{"id":646,"date":"2014-01-21T09:45:33","date_gmt":"2014-01-21T09:45:33","guid":{"rendered":"http:\/\/skolehaver.com\/?p=646"},"modified":"2017-02-10T12:53:45","modified_gmt":"2017-02-10T12:53:45","slug":"auken-og-antorini-i-faelles-fremstod-for-udeskolen","status":"publish","type":"post","link":"http:\/\/skolehaver.com\/?p=646","title":{"rendered":"Auken og Antorini g\u00e5r sammen i f\u00e6lles fremst\u00f8d for udeskolen"},"content":{"rendered":"<p><a href=\"http:\/\/www.uvm.dk\/~\/UVM-DK\/Content\/News\/Udd\/Folke\/2014\/Jan\/140121-Flere-skoletimer-skal-foregaa-i-det-fri\" target=\"_blank\">L\u00e6s Undervisningsministeriets hjemmeside<br \/>\n<\/a><a href=\"http:\/\/www.folkeskolen.dk\/536894\/ministerier-vil-have-opskriften-paa-skolehaver\" target=\"_blank\">L\u00e6s interview med Antorini om samarbejdet i Folkeskolen<\/a><\/p>\n<figure id=\"attachment_650\" aria-describedby=\"caption-attachment-650\" style=\"width: 600px\" class=\"wp-caption aligncenter\"><a href=\"http:\/\/skolehaver.com\/wp-content\/uploads\/2014\/01\/Antorini_2_500.jpg\"><img loading=\"lazy\" decoding=\"async\" class=\"wp-image-650\" src=\"http:\/\/skolehaver.com\/wp-content\/uploads\/2014\/01\/Antorini_2_500.jpg\" alt=\"Antorini_2_500\" width=\"600\" height=\"379\" srcset=\"http:\/\/skolehaver.com\/wp-content\/uploads\/2014\/01\/Antorini_2_500.jpg 500w, http:\/\/skolehaver.com\/wp-content\/uploads\/2014\/01\/Antorini_2_500-300x189.jpg 300w, http:\/\/skolehaver.com\/wp-content\/uploads\/2014\/01\/Antorini_2_500-474x300.jpg 474w\" sizes=\"auto, (max-width: 709px) 85vw, (max-width: 909px) 67vw, (max-width: 984px) 61vw, (max-width: 1362px) 45vw, 600px\" \/><\/a><figcaption id=\"caption-attachment-650\" class=\"wp-caption-text\">Undervisningsminister Christine Antorini \u00f8nsker at fremme skolehaver i Danmark. Foto: Ulla Skovsb\u00f8l\u00a0\u00a9<\/figcaption><\/figure>\n<p><em>Af Ulla Skovsb\u00f8l<\/em><\/p>\n<p>Undervisningsminister Christine Antorini og milj\u00f8minister Ida Auken har en f\u00e6lles interesse i at f\u00e5 skoleeleverne ud af klassev\u00e6relserne. Eleverne skal indtage naturen og de n\u00e6re omgivelser som et alternativt l\u00e6ringsrum, mener begge ministre, og derfor pr\u00e6senterer de sammen en plan, som skal styrke udeskoleundervisningen i Danmark.<\/p>\n<p>Der skal udpeges 65 demonstrationsskoler landet over, som kan arbejde systematisk med at unders\u00f8ge og dokumentere, hvordan udeskole kan bruges p\u00e5 en meningsfuld m\u00e5de i alle fag, og hvordan udeskolep\u00e6dagogikken kan styrke b\u00f8rns l\u00e6ring og faglighed.<\/p>\n<p><!--more--><\/p>\n<p><strong>Fem skoler udpeges straks<\/strong><\/p>\n<p>De f\u00f8rste fem demonstrationsskoler er allerede udvalgt, og yderligere ti skoler kommer til i l\u00f8bet af 2014, mens de resterende 50 demonstrationsskoler med udeskole vil blive udpeget i l\u00f8bet af for\u00e5ret 2015. Der er afsat 12 millioner kr. over de kommende tre \u00e5r til form\u00e5let. Pengene skal f\u00f8rst og fremmest finansiere et kompetencel\u00f8ft til de l\u00e6rere, som bliver involveret, s\u00e5 de bliver bedre rustet til at udnytte mulighederne i de alternative l\u00e6ringsrum uden for skolens mure. Nogle af skolerne er fundet, men der er stadig plads til flere.<\/p>\n<p>\u201dDet er efter f\u00f8rst til m\u00f8lle-princippet, s\u00e5 det er bare med at melde sig, \u201d sagde undervisningsminister Christine Antorini, da hun fredag den 17. januar l\u00f8ftede sl\u00f8ret for planerne ved en udeskolekonference i Ish\u00f8j.<\/p>\n<p><strong>Passer godt til skolereformen<\/strong><\/p>\n<figure id=\"attachment_692\" aria-describedby=\"caption-attachment-692\" style=\"width: 600px\" class=\"wp-caption aligncenter\"><a href=\"http:\/\/skolehaver.com\/wp-content\/uploads\/2014\/01\/Anotini-1-_500.jpg\"><img loading=\"lazy\" decoding=\"async\" class=\"wp-image-692\" src=\"http:\/\/skolehaver.com\/wp-content\/uploads\/2014\/01\/Anotini-1-_500.jpg\" alt=\"Anotini-1-_500\" width=\"600\" height=\"376\" srcset=\"http:\/\/skolehaver.com\/wp-content\/uploads\/2014\/01\/Anotini-1-_500.jpg 500w, http:\/\/skolehaver.com\/wp-content\/uploads\/2014\/01\/Anotini-1-_500-300x187.jpg 300w, http:\/\/skolehaver.com\/wp-content\/uploads\/2014\/01\/Anotini-1-_500-479x300.jpg 479w\" sizes=\"auto, (max-width: 709px) 85vw, (max-width: 909px) 67vw, (max-width: 984px) 61vw, (max-width: 1362px) 45vw, 600px\" \/><\/a><figcaption id=\"caption-attachment-692\" class=\"wp-caption-text\">Undervisningsminister Christine Antorini var hovedtaler p\u00e5 udeskolekonferencen. Foto. Ulla Skovsb\u00f8l\u00a0\u00a9<\/figcaption><\/figure>\n<p>Milj\u00f8ministeren og Undervisningsministeren har forskellige grunde til at interessere sig for udeskole. Ida Auken \u00f8nsker at styrke b\u00f8rns erfaring med naturen, mens Christine Antorini frem for alt vil styrke de alternative l\u00e6ringsrum som led i folkeskolereformen, der bl.a. indeb\u00e6rer en l\u00e6ngere skoledag.<\/p>\n<p>\u201dUdeskolen kan man styrke elevernes l\u00e6ring i mange fag, og den lever op til de centrale punkter i den nye folkeskolereform. Alle elever skal bliver s\u00e5 dygtige de kan, trivslen skal v\u00e6re i top, og b\u00f8rnene skal kunne udvikle b\u00e5de de sociale og personlige kompetencer, og det kan de i udeskolen, \u201d sagde Christine Antorini til ca. 300 udeskolel\u00e6rere og naturvejledere p\u00e5 udeskolekonferencen i Ish\u00f8j.<\/p>\n<p><strong>Udeskole kan fremme inklusion<\/strong><\/p>\n<p>Udeskolen kan ogs\u00e5 fremme inklusionen af de elever, som hidtil har g\u00e5et i specialskoler og \u2013 klasser, men som nu skal v\u00e6re med i de almindelige klasser. Den giver b\u00f8rnene mulighed for at v\u00e6re fysisk aktive og l\u00e6re gennem alle sanser, og den kan g\u00f8re undervisningen mere varieret. Det vil der i h\u00f8j grad blive brug for, n\u00e5r skoledagen bliver l\u00e6ngere, s\u00e5dan som skolereformen l\u00e6gger op til.<\/p>\n<p>Christine Antorini understreger dog, at der er brug for en mere systematisk viden om, hvad der sker med undervisningen og b\u00f8rnenes l\u00e6ring, n\u00e5r man flytter skolen i virkeligheden &#8211; \u00a0det v\u00e6re sig i haven, i naturen, p\u00e5 museet eller i byrummet. I dag b\u00e6res udeskolen af entusiastiske l\u00e6rere og naturvejledere, som br\u00e6nder for sagen og selv udvikler deres metoder, men hvis udeskole skal praktiseres af alle, m\u00e5 udeskoledidaktikken udvikles mere b\u00e5de i teori og praksis.<\/p>\n<p>\u201dDerfor s\u00e6tter vi et systematisk udviklingsprogram i gang, s\u00e5 vi kan blive klogere p\u00e5, hvordan vi bruger udeskolen bedst muligt,\u201d siger Christine Antorini.<\/p>\n<p><strong>Fakta om Folkeskolereformen<\/strong><\/p>\n<p>Reformen giver danske skoleelever en ny hverdag efter sommerferien 2014. M\u00e5let er styrket faglighed for alle. Midlerne er f\u00f8rst og fremmest:<\/p>\n<ul>\n<li>Flere timer i dansk og matematik<\/li>\n<li>Tidligere start p\u00e5 fremmedsprog<\/li>\n<li>L\u00e6ngere skoledag<\/li>\n<li>Mere bev\u00e6gelse<\/li>\n<li>Flere undervisningsformer<\/li>\n<\/ul>\n<p><strong>Nye krav &#8211; nye muligheder<\/strong><\/p>\n<p>Kravene om l\u00e6ngere skoledag, mere bev\u00e6gelse, flere undervisningsformer\u00a0giver mulighed for nyt\u00e6nkning og for:<\/p>\n<ul>\n<li>At bringe skolen ud i omverdenen<\/li>\n<li>At udnytte alternative l\u00e6ringsrum<\/li>\n<li>At bringe flere l\u00e6ringsstile i spil<\/li>\n<li>Mere udeskole<\/li>\n<li>Flere skolehaver<\/li>\n<\/ul>\n","protected":false},"excerpt":{"rendered":"<p>Undervisnings- og milj\u00f8ministeriet afs\u00e6tter 12 mio. kr. til 65 demonstrationsskoler, som skal vise, hvordan udeskole-p\u00e6dagogik kan underst\u00f8tte elevernes l\u00e6ring. Planen offentligg\u00f8res 21. januar 2014<\/p>\n","protected":false},"author":1,"featured_media":0,"comment_status":"open","ping_status":"open","sticky":false,"template":"","format":"standard","meta":{"footnotes":""},"categories":[7],"tags":[165,167,70,166],"class_list":["post-646","post","type-post","status-publish","format-standard","hentry","category-skolehaver-generelt","tag-demonstrationsskole","tag-miljominister-ida-auken","tag-udeskole","tag-undervisningsminister-christine-antorini"],"_links":{"self":[{"href":"http:\/\/skolehaver.com\/index.php?rest_route=\/wp\/v2\/posts\/646","targetHints":{"allow":["GET"]}}],"collection":[{"href":"http:\/\/skolehaver.com\/index.php?rest_route=\/wp\/v2\/posts"}],"about":[{"href":"http:\/\/skolehaver.com\/index.php?rest_route=\/wp\/v2\/types\/post"}],"author":[{"embeddable":true,"href":"http:\/\/skolehaver.com\/index.php?rest_route=\/wp\/v2\/users\/1"}],"replies":[{"embeddable":true,"href":"http:\/\/skolehaver.com\/index.php?rest_route=%2Fwp%2Fv2%2Fcomments&post=646"}],"version-history":[{"count":16,"href":"http:\/\/skolehaver.com\/index.php?rest_route=\/wp\/v2\/posts\/646\/revisions"}],"predecessor-version":[{"id":2213,"href":"http:\/\/skolehaver.com\/index.php?rest_route=\/wp\/v2\/posts\/646\/revisions\/2213"}],"wp:attachment":[{"href":"http:\/\/skolehaver.com\/index.php?rest_route=%2Fwp%2Fv2%2Fmedia&parent=646"}],"wp:term":[{"taxonomy":"category","embeddable":true,"href":"http:\/\/skolehaver.com\/index.php?rest_route=%2Fwp%2Fv2%2Fcategories&post=646"},{"taxonomy":"post_tag","embeddable":true,"href":"http:\/\/skolehaver.com\/index.php?rest_route=%2Fwp%2Fv2%2Ftags&post=646"}],"curies":[{"name":"wp","href":"https:\/\/api.w.org\/{rel}","templated":true}]}}